{"id":2970573,"date":"2025-08-20T13:03:13","date_gmt":"2025-08-20T13:03:13","guid":{"rendered":"https:\/\/vattenindustrin.se\/?p=2970573"},"modified":"2025-10-08T15:00:20","modified_gmt":"2025-10-08T15:00:20","slug":"vattenindustrin-bjuder-in-till-after-fair-i-samband-med-vatten2025","status":"publish","type":"post","link":"https:\/\/vattenindustrin.se\/en\/vattenindustrin-bjuder-in-till-after-fair-i-samband-med-vatten2025\/","title":{"rendered":"The water industry invites you to the After Fair in connection with Vatten2025"},"content":{"rendered":"<h4 class=\"wp-block-heading\"><strong>On Tuesday, October 21st, from 4:00 PM to 5:30 PM, you are warmly welcome at After Fair in the Water Industry&#039;s living room.\u00a0<\/strong><\/h4>\n\n\n\n<p>As the first day of Vatten2025 draws to a close, we offer a drink, some snacks and a nice chat. Take the opportunity to greet industry colleagues and network while summarizing the first day of the meeting place.<\/p>\n\n\n\n<p><strong>Place:\u00a0<\/strong>The living room of the water industry, Hall B, stand B07:32 in connection with Meeting Point Water2025 at the Swedish Exhibition and Congress Center in Gothenburg<br><strong>Date &amp; time:\u00a0<\/strong>October 21st at 4:00 PM-5:30 PM<br>Free, but you need to be free of charge\u00a0<a href=\"https:\/\/motesplatsvatten.se\/biljetter\/\" target=\"_blank\" rel=\"noreferrer noopener\">entrance ticket to Vatten2025<\/a>.<\/p>\n\n\n\n<p><a href=\"https:\/\/vattenindustrin.ungapped.io\/Surveys\/3fc29d5a-8e88-4018-9aca-3adba06be286\" target=\"_blank\" rel=\"noreferrer noopener\">Osa &gt;&gt;<\/a><\/p>\n\n\n\n<p><strong><em>Warm welcome!<br>The water industry with our member companies<\/em><\/strong><\/p>","protected":false},"excerpt":{"rendered":"<p>Tisdagen den 21 oktober kl. 16.00-17.30 \u00e4r du varmt v\u00e4lkommen p\u00e5 After Fair i Vattenindustrins vardagsrum.\u00a0 N\u00e4r f\u00f6rsta dagen av Vatten2025 b\u00f6rjar g\u00e5 mot sitt slut bjuder vi p\u00e5 n\u00e5got att dricka, lite tilltugg och trevligt snack. Passa p\u00e5 att h\u00e4lsa p\u00e5 branschkollegor och n\u00e4tverka samtidigt som du summerar m\u00f6tesplatsens f\u00f6rsta dag. Plats:\u00a0Vattenindustrins vardagsrum, B-hallen, [&hellip;]<\/p>\n","protected":false},"author":10,"featured_media":2970442,"comment_status":"closed","ping_status":"closed","sticky":false,"template":"","format":"standard","meta":{"footnotes":""},"categories":[13],"tags":[],"class_list":["post-2970573","post","type-post","status-publish","format-standard","has-post-thumbnail","hentry","category-evenemang"],"acf":[],"_links":{"self":[{"href":"https:\/\/vattenindustrin.se\/en\/wp-json\/wp\/v2\/posts\/2970573","targetHints":{"allow":["GET"]}}],"collection":[{"href":"https:\/\/vattenindustrin.se\/en\/wp-json\/wp\/v2\/posts"}],"about":[{"href":"https:\/\/vattenindustrin.se\/en\/wp-json\/wp\/v2\/types\/post"}],"author":[{"embeddable":true,"href":"https:\/\/vattenindustrin.se\/en\/wp-json\/wp\/v2\/users\/10"}],"replies":[{"embeddable":true,"href":"https:\/\/vattenindustrin.se\/en\/wp-json\/wp\/v2\/comments?post=2970573"}],"version-history":[{"count":1,"href":"https:\/\/vattenindustrin.se\/en\/wp-json\/wp\/v2\/posts\/2970573\/revisions"}],"predecessor-version":[{"id":2970574,"href":"https:\/\/vattenindustrin.se\/en\/wp-json\/wp\/v2\/posts\/2970573\/revisions\/2970574"}],"wp:featuredmedia":[{"embeddable":true,"href":"https:\/\/vattenindustrin.se\/en\/wp-json\/wp\/v2\/media\/2970442"}],"wp:attachment":[{"href":"https:\/\/vattenindustrin.se\/en\/wp-json\/wp\/v2\/media?parent=2970573"}],"wp:term":[{"taxonomy":"category","embeddable":true,"href":"https:\/\/vattenindustrin.se\/en\/wp-json\/wp\/v2\/categories?post=2970573"},{"taxonomy":"post_tag","embeddable":true,"href":"https:\/\/vattenindustrin.se\/en\/wp-json\/wp\/v2\/tags?post=2970573"}],"curies":[{"name":"wp","href":"https:\/\/api.w.org\/{rel}","templated":true}]}}